{"id":352362,"date":"2024-03-11T10:48:13","date_gmt":"2024-03-11T13:48:13","guid":{"rendered":"https:\/\/ppgmt.uea.edu.br\/?p=352362"},"modified":"2024-03-19T19:59:53","modified_gmt":"2024-03-19T22:59:53","slug":"aula-de-qualificacao-de-doutorado-do-a-aluno-a-patricia-carvalho-da-silva-balieiro","status":"publish","type":"post","link":"https:\/\/ppgmt.uea.edu.br\/index.php\/aula-de-qualificacao-de-doutorado-do-a-aluno-a-patricia-carvalho-da-silva-balieiro\/","title":{"rendered":"Aula de Qualifica\u00e7\u00e3o de Doutorado do (a) aluno (a) Patr\u00edcia Carvalho da Silva Balieiro"},"content":{"rendered":"<p>A Coordena\u00e7\u00e3o do Programa de P\u00f3s-gradua\u00e7\u00e3o em Medicina Tropical da Universidade do Estado do Amazonas, em conv\u00eanio com a Funda\u00e7\u00e3o de Medicina Tropical Dr. Heitor Vieira Doutorado, tem a grata satisfa\u00e7\u00e3o de convid\u00e1-los (as) a prestigiarem a Aula de Qualifica\u00e7\u00e3o de Doutorado conforme informa\u00e7\u00f5es abaixo:<\/p>\n<p>Aluno (a) Patr\u00edcia Carvalho da Silva Balieiro.<\/p>\n<p>T\u00edtulo \u201cAvalia\u00e7\u00e3o da qualidade da informa\u00e7\u00e3o sobre COVID-19 nas bases de dados do sistema de informa\u00e7\u00e3o de mortalidade: um estudo de causas m\u00faltiplas de \u00f3bito\u201d.<\/p>\n<p>Mestrando (a): Patr\u00edcia Carvalho da Silva Balieiro<br \/>\nOrientador (a): Prof. Dr. Vanderson de Souza Sampaio<\/p>\n<p>Coorientador (a): Prof. Dr. Ant\u00f4nio Jos\u00e9 Leal Costa<\/p>\n<p>Membros Titulares:<\/p>\n<p>Vanderson de Souza Sampaio (PPGMT\/Instituto Todos pela Sa\u00fade)<\/p>\n<p>Angela Maria Casc\u00e3o (Secretaria de Estado de Sa\u00fade &#8211; RJ)<\/p>\n<p>Daniel Barros de Castro (FVS-RCP)<\/p>\n<p>Fernando Jos\u00e9 Herkrath (FIOCRUZ-AM)<\/p>\n<p>Monique Freire Santana (FCECON)<\/p>\n<p>Membros Suplentes:<\/p>\n<p>Jose Clelto Barros Gomes (UFAM)<\/p>\n<p>Wuelton Marcelo Monteiro (PPGMT\/UEA\/FMT-HVD)<\/p>\n<p>Data\/Hora: 12 de mar\u00e7o de 2024, \u00e0s 09h00<br \/>\nLink: https:\/\/meet.google.com\/ngs-ajsb-ays<\/p>\n","protected":false},"excerpt":{"rendered":"<p>O Programa De P\u00f3s-Gradua\u00e7\u00e3o em Medicina Tropical convida a todos para Aula de Qualifica\u00e7\u00e3o de Doutorado do(a) aluno(a) Patr\u00edcia Carvalho da Silva Balieiro que ser\u00e1 realizada em 12 de mar\u00e7o de 2024, \u00e0s 09h00<\/p>\n","protected":false},"author":6,"featured_media":0,"comment_status":"open","ping_status":"open","sticky":false,"template":"","format":"standard","meta":{"_et_pb_use_builder":"","_et_pb_old_content":"","_et_gb_content_width":"","footnotes":""},"categories":[13],"tags":[125],"class_list":["post-352362","post","type-post","status-publish","format-standard","hentry","category-ppgmt","tag-portugues"],"_links":{"self":[{"href":"https:\/\/ppgmt.uea.edu.br\/index.php\/wp-json\/wp\/v2\/posts\/352362","targetHints":{"allow":["GET"]}}],"collection":[{"href":"https:\/\/ppgmt.uea.edu.br\/index.php\/wp-json\/wp\/v2\/posts"}],"about":[{"href":"https:\/\/ppgmt.uea.edu.br\/index.php\/wp-json\/wp\/v2\/types\/post"}],"author":[{"embeddable":true,"href":"https:\/\/ppgmt.uea.edu.br\/index.php\/wp-json\/wp\/v2\/users\/6"}],"replies":[{"embeddable":true,"href":"https:\/\/ppgmt.uea.edu.br\/index.php\/wp-json\/wp\/v2\/comments?post=352362"}],"version-history":[{"count":1,"href":"https:\/\/ppgmt.uea.edu.br\/index.php\/wp-json\/wp\/v2\/posts\/352362\/revisions"}],"predecessor-version":[{"id":352363,"href":"https:\/\/ppgmt.uea.edu.br\/index.php\/wp-json\/wp\/v2\/posts\/352362\/revisions\/352363"}],"wp:attachment":[{"href":"https:\/\/ppgmt.uea.edu.br\/index.php\/wp-json\/wp\/v2\/media?parent=352362"}],"wp:term":[{"taxonomy":"category","embeddable":true,"href":"https:\/\/ppgmt.uea.edu.br\/index.php\/wp-json\/wp\/v2\/categories?post=352362"},{"taxonomy":"post_tag","embeddable":true,"href":"https:\/\/ppgmt.uea.edu.br\/index.php\/wp-json\/wp\/v2\/tags?post=352362"}],"curies":[{"name":"wp","href":"https:\/\/api.w.org\/{rel}","templated":true}]}}